{"id":3889,"global_id":"turisme.esglesia.barcelona\/es\/?id=3889","global_id_lineage":["turisme.esglesia.barcelona\/es\/?id=3889"],"author":"6","status":"publish","date":"2024-11-13 10:58:55","date_utc":"2024-11-13 09:58:55","modified":"2024-11-13 11:04:41","modified_utc":"2024-11-13 10:04:41","url":"https:\/\/turisme.esglesia.barcelona\/es\/peregrinacio\/jubileo-de-jovenes-en-roma-2025\/","rest_url":"https:\/\/turisme.esglesia.barcelona\/es\/wp-json\/tribe\/events\/v1\/events\/3889","title":"JUBILEO DE J\u00d3VENES EN ROMA 2025","description":"<p>INFORMACI\u00d3 COMPLETA:\u00a0 <a href=\"https:\/\/turisme.esglesia.barcelona\/wp-content\/uploads\/2024\/11\/Jubileu-dels-joves-2025.htm\">Jubileu dels joves 2025<\/a><\/p>\n<p><strong>JUBILEO DE J\u00d3VENES EN ROMA 2025<\/strong><\/p>\n<p>Con motivo del A\u00f1o Santo 2025 Iglesia Joven Barcelona organiza un peregrinaje a Roma para j\u00f3venes entre 16 y 35 a\u00f1os (los nacidos en 2009 tambi\u00e9n pueden participar, aunque tengan 15 a\u00f1os) y acompa\u00f1antes y responsables de grupo.<\/p>\n<p>Hay varias modalidades:<\/p>\n<ul>\n<li>Barcelona \u2013 Tur\u00edn \u2013 Roma (del 27 de julio al 4 de agosto)<\/li>\n<li>Barcelona \u2013 Roma (del 30 de julio al 3 de agosto)<\/li>\n<li>Barcelona \u2013 Roma (del 1 de agosto al 3 de agosto)<\/li>\n<\/ul>\n<p><strong>El 7 de marzo de 2025 finaliza el plazo para inscripciones<\/strong><\/p>\n<p><img decoding=\"async\" loading=\"lazy\" class=\"alignnone  wp-image-3884\" src=\"https:\/\/turisme.esglesia.barcelona\/wp-content\/uploads\/2024\/11\/Jubileu-dels-joves-2025-300x102.png\" alt=\"\" width=\"377\" height=\"128\" srcset=\"https:\/\/turisme.esglesia.barcelona\/wp-content\/uploads\/2024\/11\/Jubileu-dels-joves-2025-300x102.png 300w, https:\/\/turisme.esglesia.barcelona\/wp-content\/uploads\/2024\/11\/Jubileu-dels-joves-2025-768x260.png 768w, https:\/\/turisme.esglesia.barcelona\/wp-content\/uploads\/2024\/11\/Jubileu-dels-joves-2025-260x88.png 260w, https:\/\/turisme.esglesia.barcelona\/wp-content\/uploads\/2024\/11\/Jubileu-dels-joves-2025-50x17.png 50w, https:\/\/turisme.esglesia.barcelona\/wp-content\/uploads\/2024\/11\/Jubileu-dels-joves-2025-150x51.png 150w, https:\/\/turisme.esglesia.barcelona\/wp-content\/uploads\/2024\/11\/Jubileu-dels-joves-2025-240x81.png 240w, https:\/\/turisme.esglesia.barcelona\/wp-content\/uploads\/2024\/11\/Jubileu-dels-joves-2025.png 1024w\" sizes=\"(max-width: 377px) 100vw, 377px\" \/><img decoding=\"async\" loading=\"lazy\" class=\"alignnone  wp-image-3757\" src=\"https:\/\/turisme.esglesia.barcelona\/wp-content\/uploads\/2024\/06\/Fran1-300x187.png\" alt=\"\" width=\"211\" height=\"132\" srcset=\"https:\/\/turisme.esglesia.barcelona\/wp-content\/uploads\/2024\/06\/Fran1-300x187.png 300w, https:\/\/turisme.esglesia.barcelona\/wp-content\/uploads\/2024\/06\/Fran1-234x146.png 234w, https:\/\/turisme.esglesia.barcelona\/wp-content\/uploads\/2024\/06\/Fran1-50x31.png 50w, https:\/\/turisme.esglesia.barcelona\/wp-content\/uploads\/2024\/06\/Fran1-120x75.png 120w, https:\/\/turisme.esglesia.barcelona\/wp-content\/uploads\/2024\/06\/Fran1-240x150.png 240w, https:\/\/turisme.esglesia.barcelona\/wp-content\/uploads\/2024\/06\/Fran1.png 458w\" sizes=\"(max-width: 211px) 100vw, 211px\" \/><img decoding=\"async\" loading=\"lazy\" class=\"alignnone  wp-image-3887\" src=\"https:\/\/turisme.esglesia.barcelona\/wp-content\/uploads\/2024\/11\/PELEGRINS-DESPERANCA-300x290.png\" alt=\"\" width=\"136\" height=\"132\" srcset=\"https:\/\/turisme.esglesia.barcelona\/wp-content\/uploads\/2024\/11\/PELEGRINS-DESPERANCA-300x290.png 300w, https:\/\/turisme.esglesia.barcelona\/wp-content\/uploads\/2024\/11\/PELEGRINS-DESPERANCA-151x146.png 151w, https:\/\/turisme.esglesia.barcelona\/wp-content\/uploads\/2024\/11\/PELEGRINS-DESPERANCA-50x48.png 50w, https:\/\/turisme.esglesia.barcelona\/wp-content\/uploads\/2024\/11\/PELEGRINS-DESPERANCA-77x75.png 77w, https:\/\/turisme.esglesia.barcelona\/wp-content\/uploads\/2024\/11\/PELEGRINS-DESPERANCA-32x32.png 32w, https:\/\/turisme.esglesia.barcelona\/wp-content\/uploads\/2024\/11\/PELEGRINS-DESPERANCA-48x48.png 48w, https:\/\/turisme.esglesia.barcelona\/wp-content\/uploads\/2024\/11\/PELEGRINS-DESPERANCA-186x180.png 186w, https:\/\/turisme.esglesia.barcelona\/wp-content\/uploads\/2024\/11\/PELEGRINS-DESPERANCA.png 529w\" sizes=\"(max-width: 136px) 100vw, 136px\" \/><\/p>","excerpt":"","slug":"jubileo-de-jovenes-en-roma-2025","image":false,"all_day":true,"start_date":"2025-07-27 00:00:00","start_date_details":{"year":"2025","month":"07","day":"27","hour":"00","minutes":"00","seconds":"00"},"end_date":"2025-08-04 23:59:59","end_date_details":{"year":"2025","month":"08","day":"04","hour":"23","minutes":"59","seconds":"59"},"utc_start_date":"2025-07-26 22:00:00","utc_start_date_details":{"year":"2025","month":"07","day":"26","hour":"22","minutes":"00","seconds":"00"},"utc_end_date":"2025-08-04 21:59:59","utc_end_date_details":{"year":"2025","month":"08","day":"04","hour":"21","minutes":"59","seconds":"59"},"timezone":"Europe\/Madrid","timezone_abbr":"CEST","cost":"","cost_details":{"currency_symbol":"","currency_position":"prefix","values":[]},"website":"","show_map":true,"show_map_link":true,"hide_from_listings":false,"sticky":false,"featured":false,"categories":[],"tags":[],"venue":[],"organizer":[{"id":3617,"author":"6","status":"publish","date":"2024-04-24 19:23:21","date_utc":"2024-04-24 17:23:21","modified":"2024-04-24 19:23:21","modified_utc":"2024-04-24 17:23:21","url":"https:\/\/turisme.esglesia.barcelona\/organizador\/esglesia-jove-barcelona\/","organizer":"ESGL\u00c9SIA JOVE BARCELONA","slug":"esglesia-jove-barcelona","json_ld":{"@type":"Person","name":"ESGL\u00c9SIA JOVE BARCELONA","description":"","url":"https:\/\/turisme.esglesia.barcelona\/organizador\/esglesia-jove-barcelona\/","telephone":"","email":"","sameAs":""},"global_id":"turisme.esglesia.barcelona\/es\/?id=3617","global_id_lineage":["turisme.esglesia.barcelona\/es\/?id=3617"]}],"json_ld":{"@context":"http:\/\/schema.org","@type":"Event","name":"JUBILEO DE J\u00d3VENES EN ROMA 2025","description":"&lt;p&gt;INFORMACI\u00d3 COMPLETA:\u00a0 Jubileu dels joves 2025 JUBILEO DE J\u00d3VENES EN ROMA 2025 Con motivo del A\u00f1o Santo 2025 Iglesia Joven Barcelona organiza un peregrinaje a Roma&lt;span class=&quot;excerpt-hellip&quot;&gt; [\u2026]&lt;\/span&gt;&lt;\/p&gt;\\n","url":"https:\/\/turisme.esglesia.barcelona\/es\/peregrinacio\/jubileo-de-jovenes-en-roma-2025\/","startDate":"2025-07-27T00:00:00+02:00","endDate":"2025-08-04T23:59:59+02:00","organizer":{"@type":"Person","name":"ESGL\u00c9SIA JOVE BARCELONA","description":"","url":"https:\/\/turisme.esglesia.barcelona\/organizador\/esglesia-jove-barcelona\/","telephone":"","email":"","sameAs":""},"performer":"Organization"}}