{"id":917,"date":"2020-02-11T11:05:11","date_gmt":"2020-02-11T10:05:11","guid":{"rendered":"http:\/\/turisme.esglesia.barcelona\/missa-internacional-a-la-sagrada-familia\/"},"modified":"2021-02-16T11:32:33","modified_gmt":"2021-02-16T10:32:33","slug":"missa-internacional-a-la-sagrada-familia","status":"publish","type":"post","link":"https:\/\/turisme.esglesia.barcelona\/es\/missa-internacional-a-la-sagrada-familia\/","title":{"rendered":"Missa internacional a la Sagrada Fam\u00edlia"},"content":{"rendered":"<p>Tots els dissabtes i vig\u00edlies de festa a les 20 h i tots els diumenges i festius a les 9 h. <a href=\"http:\/\/turisme.esglesia.barcelona\/directory-turisme\/listing\/basilica-de-la-sagrada-familia\/\">celebraci\u00f3 de la missa internacional<\/a>\u00a0en distintes lleng\u00fces a la nau central de la Bas\u00edlica.<\/p>\n<p>El <a href=\"http:\/\/corfrancescvalls.org\/)\" target=\"_blank\" rel=\"noopener noreferrer\">Cor de Cambra Francesc Valls<\/a> participa de forma regular en les misses internacionals a la Bas\u00edlica de la Sagrada Fam\u00edlia i en altres celebracions destacades oferint un repertori polif\u00f2nic en funci\u00f3 dels textos propis de la lit\u00fargia.<\/p>\n<p>Per assistir-hi grups de peregrins contacteu: <a href=\"mailto:missainternacional@sagradafamilia.org\">missainternacional@sagradafamilia.org<\/a><\/p>\n<h4>Contacte<\/h4>\n<p><strong>Bas\u00edlica de la Sagrada Fam\u00edlia<\/strong><br \/>\nCarrer Mallorca, 401<br \/>\nBarcelona 08013<br \/>\n934366933<br \/>\n<a href=\"mailto:misainternacional@sagradafamilia.org\">misainternacional@sagradafamilia.org<\/a><br \/>\n<a href=\"https:\/\/sagradafamilia.org\/\" target=\"_blank\" rel=\"noopener noreferrer\">https:\/\/sagradafamilia.org\/<\/a><\/p>\n","protected":false},"excerpt":{"rendered":"<p>Tots els dissabtes i vig\u00edlies de festa a les 20 h i tots els diumenges i festius a les 9 h. celebraci\u00f3 de la missa internacional\u00a0en<span class=\"excerpt-hellip\"> [\u2026]<\/span><\/p>\n","protected":false},"author":1,"featured_media":1585,"comment_status":"open","ping_status":"open","sticky":false,"template":"","format":"standard","meta":[],"categories":[51],"tags":[],"acf":[],"yoast_head":"<!-- This site is optimized with the Yoast SEO plugin v20.2.1 - https:\/\/yoast.com\/wordpress\/plugins\/seo\/ -->\n<title>Missa internacional a la Sagrada Fam\u00edlia - Secretariat Dioces\u00e0 de Turisme, Peregrinacions i Santuaris<\/title>\n<meta name=\"robots\" content=\"index, follow, max-snippet:-1, max-image-preview:large, max-video-preview:-1\" \/>\n<link rel=\"canonical\" href=\"https:\/\/turisme.esglesia.barcelona\/es\/missa-internacional-a-la-sagrada-familia\/\" \/>\n<meta property=\"og:locale\" content=\"es_ES\" \/>\n<meta property=\"og:type\" content=\"article\" \/>\n<meta property=\"og:title\" content=\"Missa internacional a la Sagrada Fam\u00edlia - Secretariat Dioces\u00e0 de Turisme, Peregrinacions i Santuaris\" \/>\n<meta property=\"og:description\" content=\"Tots els dissabtes i vig\u00edlies de festa a les 20 h i tots els diumenges i festius a les 9 h. celebraci\u00f3 de la missa internacional\u00a0en [\u2026]\" \/>\n<meta property=\"og:url\" content=\"https:\/\/turisme.esglesia.barcelona\/es\/missa-internacional-a-la-sagrada-familia\/\" \/>\n<meta property=\"og:site_name\" content=\"Secretariat Dioces\u00e0 de Turisme, Peregrinacions i Santuaris\" \/>\n<meta property=\"article:published_time\" content=\"2020-02-11T10:05:11+00:00\" \/>\n<meta property=\"article:modified_time\" content=\"2021-02-16T10:32:33+00:00\" \/>\n<meta property=\"og:image\" content=\"https:\/\/turisme.esglesia.barcelona\/wp-content\/uploads\/2020\/02\/Cor-Francesc-Valls-concert-SF.jpg\" \/>\n\t<meta property=\"og:image:width\" content=\"1280\" \/>\n\t<meta property=\"og:image:height\" content=\"854\" \/>\n\t<meta property=\"og:image:type\" content=\"image\/jpeg\" \/>\n<meta name=\"author\" content=\"gasullac\" \/>\n<meta name=\"twitter:card\" content=\"summary_large_image\" \/>\n<meta name=\"twitter:label1\" content=\"Escrito por\" \/>\n\t<meta name=\"twitter:data1\" content=\"gasullac\" \/>\n\t<meta name=\"twitter:label2\" content=\"Tiempo de lectura\" \/>\n\t<meta name=\"twitter:data2\" content=\"1 minuto\" \/>\n<script type=\"application\/ld+json\" class=\"yoast-schema-graph\">{\"@context\":\"https:\/\/schema.org\",\"@graph\":[{\"@type\":\"WebPage\",\"@id\":\"https:\/\/turisme.esglesia.barcelona\/es\/missa-internacional-a-la-sagrada-familia\/\",\"url\":\"https:\/\/turisme.esglesia.barcelona\/es\/missa-internacional-a-la-sagrada-familia\/\",\"name\":\"Missa internacional a la Sagrada Fam\u00edlia - Secretariat Dioces\u00e0 de Turisme, Peregrinacions i Santuaris\",\"isPartOf\":{\"@id\":\"https:\/\/turisme.esglesia.barcelona\/#website\"},\"datePublished\":\"2020-02-11T10:05:11+00:00\",\"dateModified\":\"2021-02-16T10:32:33+00:00\",\"author\":{\"@id\":\"https:\/\/turisme.esglesia.barcelona\/#\/schema\/person\/65c53a5255059c5d226f08760d97da27\"},\"breadcrumb\":{\"@id\":\"https:\/\/turisme.esglesia.barcelona\/es\/missa-internacional-a-la-sagrada-familia\/#breadcrumb\"},\"inLanguage\":\"es\",\"potentialAction\":[{\"@type\":\"ReadAction\",\"target\":[\"https:\/\/turisme.esglesia.barcelona\/es\/missa-internacional-a-la-sagrada-familia\/\"]}]},{\"@type\":\"BreadcrumbList\",\"@id\":\"https:\/\/turisme.esglesia.barcelona\/es\/missa-internacional-a-la-sagrada-familia\/#breadcrumb\",\"itemListElement\":[{\"@type\":\"ListItem\",\"position\":1,\"name\":\"Inici\",\"item\":\"https:\/\/turisme.esglesia.barcelona\/es\/\"},{\"@type\":\"ListItem\",\"position\":2,\"name\":\"Missa internacional a la Sagrada Fam\u00edlia\"}]},{\"@type\":\"WebSite\",\"@id\":\"https:\/\/turisme.esglesia.barcelona\/#website\",\"url\":\"https:\/\/turisme.esglesia.barcelona\/\",\"name\":\"Secretariat Dioces\u00e0 de Turisme, Peregrinacions i Santuaris\",\"description\":\"Secretariat Dioces\u00e0 de Turisme, Peregrinacions i Santuaris\",\"potentialAction\":[{\"@type\":\"SearchAction\",\"target\":{\"@type\":\"EntryPoint\",\"urlTemplate\":\"https:\/\/turisme.esglesia.barcelona\/?s={search_term_string}\"},\"query-input\":\"required name=search_term_string\"}],\"inLanguage\":\"es\"},{\"@type\":\"Person\",\"@id\":\"https:\/\/turisme.esglesia.barcelona\/#\/schema\/person\/65c53a5255059c5d226f08760d97da27\",\"name\":\"gasullac\",\"url\":\"https:\/\/turisme.esglesia.barcelona\/es\/author\/gasullac\/\"}]}<\/script>\n<!-- \/ Yoast SEO plugin. -->","yoast_head_json":{"title":"Missa internacional a la Sagrada Fam\u00edlia - Secretariat Dioces\u00e0 de Turisme, Peregrinacions i Santuaris","robots":{"index":"index","follow":"follow","max-snippet":"max-snippet:-1","max-image-preview":"max-image-preview:large","max-video-preview":"max-video-preview:-1"},"canonical":"https:\/\/turisme.esglesia.barcelona\/es\/missa-internacional-a-la-sagrada-familia\/","og_locale":"es_ES","og_type":"article","og_title":"Missa internacional a la Sagrada Fam\u00edlia - Secretariat Dioces\u00e0 de Turisme, Peregrinacions i Santuaris","og_description":"Tots els dissabtes i vig\u00edlies de festa a les 20 h i tots els diumenges i festius a les 9 h. celebraci\u00f3 de la missa internacional\u00a0en [\u2026]","og_url":"https:\/\/turisme.esglesia.barcelona\/es\/missa-internacional-a-la-sagrada-familia\/","og_site_name":"Secretariat Dioces\u00e0 de Turisme, Peregrinacions i Santuaris","article_published_time":"2020-02-11T10:05:11+00:00","article_modified_time":"2021-02-16T10:32:33+00:00","og_image":[{"width":1280,"height":854,"url":"https:\/\/turisme.esglesia.barcelona\/wp-content\/uploads\/2020\/02\/Cor-Francesc-Valls-concert-SF.jpg","type":"image\/jpeg"}],"author":"gasullac","twitter_card":"summary_large_image","twitter_misc":{"Escrito por":"gasullac","Tiempo de lectura":"1 minuto"},"schema":{"@context":"https:\/\/schema.org","@graph":[{"@type":"WebPage","@id":"https:\/\/turisme.esglesia.barcelona\/es\/missa-internacional-a-la-sagrada-familia\/","url":"https:\/\/turisme.esglesia.barcelona\/es\/missa-internacional-a-la-sagrada-familia\/","name":"Missa internacional a la Sagrada Fam\u00edlia - Secretariat Dioces\u00e0 de Turisme, Peregrinacions i Santuaris","isPartOf":{"@id":"https:\/\/turisme.esglesia.barcelona\/#website"},"datePublished":"2020-02-11T10:05:11+00:00","dateModified":"2021-02-16T10:32:33+00:00","author":{"@id":"https:\/\/turisme.esglesia.barcelona\/#\/schema\/person\/65c53a5255059c5d226f08760d97da27"},"breadcrumb":{"@id":"https:\/\/turisme.esglesia.barcelona\/es\/missa-internacional-a-la-sagrada-familia\/#breadcrumb"},"inLanguage":"es","potentialAction":[{"@type":"ReadAction","target":["https:\/\/turisme.esglesia.barcelona\/es\/missa-internacional-a-la-sagrada-familia\/"]}]},{"@type":"BreadcrumbList","@id":"https:\/\/turisme.esglesia.barcelona\/es\/missa-internacional-a-la-sagrada-familia\/#breadcrumb","itemListElement":[{"@type":"ListItem","position":1,"name":"Inici","item":"https:\/\/turisme.esglesia.barcelona\/es\/"},{"@type":"ListItem","position":2,"name":"Missa internacional a la Sagrada Fam\u00edlia"}]},{"@type":"WebSite","@id":"https:\/\/turisme.esglesia.barcelona\/#website","url":"https:\/\/turisme.esglesia.barcelona\/","name":"Secretariat Dioces\u00e0 de Turisme, Peregrinacions i Santuaris","description":"Secretariat Dioces\u00e0 de Turisme, Peregrinacions i Santuaris","potentialAction":[{"@type":"SearchAction","target":{"@type":"EntryPoint","urlTemplate":"https:\/\/turisme.esglesia.barcelona\/?s={search_term_string}"},"query-input":"required name=search_term_string"}],"inLanguage":"es"},{"@type":"Person","@id":"https:\/\/turisme.esglesia.barcelona\/#\/schema\/person\/65c53a5255059c5d226f08760d97da27","name":"gasullac","url":"https:\/\/turisme.esglesia.barcelona\/es\/author\/gasullac\/"}]}},"_links":{"self":[{"href":"https:\/\/turisme.esglesia.barcelona\/es\/wp-json\/wp\/v2\/posts\/917"}],"collection":[{"href":"https:\/\/turisme.esglesia.barcelona\/es\/wp-json\/wp\/v2\/posts"}],"about":[{"href":"https:\/\/turisme.esglesia.barcelona\/es\/wp-json\/wp\/v2\/types\/post"}],"author":[{"embeddable":true,"href":"https:\/\/turisme.esglesia.barcelona\/es\/wp-json\/wp\/v2\/users\/1"}],"replies":[{"embeddable":true,"href":"https:\/\/turisme.esglesia.barcelona\/es\/wp-json\/wp\/v2\/comments?post=917"}],"version-history":[{"count":2,"href":"https:\/\/turisme.esglesia.barcelona\/es\/wp-json\/wp\/v2\/posts\/917\/revisions"}],"predecessor-version":[{"id":1547,"href":"https:\/\/turisme.esglesia.barcelona\/es\/wp-json\/wp\/v2\/posts\/917\/revisions\/1547"}],"wp:featuredmedia":[{"embeddable":true,"href":"https:\/\/turisme.esglesia.barcelona\/es\/wp-json\/wp\/v2\/media\/1585"}],"wp:attachment":[{"href":"https:\/\/turisme.esglesia.barcelona\/es\/wp-json\/wp\/v2\/media?parent=917"}],"wp:term":[{"taxonomy":"category","embeddable":true,"href":"https:\/\/turisme.esglesia.barcelona\/es\/wp-json\/wp\/v2\/categories?post=917"},{"taxonomy":"post_tag","embeddable":true,"href":"https:\/\/turisme.esglesia.barcelona\/es\/wp-json\/wp\/v2\/tags?post=917"}],"curies":[{"name":"wp","href":"https:\/\/api.w.org\/{rel}","templated":true}]}}